{"id":2172,"date":"2016-03-03T08:39:07","date_gmt":"2016-03-03T13:39:07","guid":{"rendered":"http:\/\/geneticatricolor.com\/home\/?p=2172"},"modified":"2019-01-05T07:16:53","modified_gmt":"2019-01-05T12:16:53","slug":"de-otros-tiempos","status":"publish","type":"post","link":"https:\/\/geneticatricolor.com\/home\/blog\/de-otros-tiempos\/","title":{"rendered":"DE OTROS TIEMPOS"},"content":{"rendered":"\n<blockquote class=\"wp-block-quote is-layout-flow wp-block-quote-is-layout-flow\"><p> <br><em>&#8220;Algunos pensar\u00e1n que estos toros son pasados de moda y sin valor gen\u00e9tico presente. Sin embargo, da gran placer el mirar a los antepasados de la raza Fleckvieh en la industria c\u00e1rnica \u2013nunca perdamos el deleite de la cr\u00eda de esta maravillosa raza&#8221;<\/em> <\/p><cite>C Peter Massmann<em>, Sud\u00e1frica \u2013 Publicado en Revista Simmentaler &#8211; 2008<\/em><\/cite><\/blockquote>\n\n\n<p>Antes de que yo fuera el Director Ejecutivo de la Asociaci\u00f3n Simmental en Sud\u00e1frica en 1976, ya hab\u00eda, venido trabajando en el establecimiento y posicionamiento del Fleckvieh alem\u00e1n en los llamados pa\u00edses Simmental c\u00e1rnicos como, EEUU, Canad\u00e1, Brasil, Argentina, Uruguay, Reino Unido, Australia, Nueva Zelanda, Namibia y Sud\u00e1frica. Para muchos esto era algo nuevo: (i) a excepci\u00f3n de Namibia and Sud\u00e1frica, criar Simmental era una novedad para todos aquellos pa\u00edses y (ii) en ese momento en Europa todas las vacas eran orde\u00f1adas y era una raza verdaderamente doble prop\u00f3sito con \u00e9nfasis en la leche, pero en los llamados pa\u00edses c\u00e1rnicos la raza solo era mantenida con fines c\u00e1rnicos y ninguna vaca era orde\u00f1ada. Esto nos hizo identificar las l\u00edneas doble prop\u00f3sito que sobresal\u00edan en producci\u00f3n c\u00e1rnica.<\/p>\n\n\n<p><!--more-->\n\nEsta no era una tarea f\u00e1cil, en parte debido a que en Europa la presi\u00f3n de selecci\u00f3n&nbsp;en leche era fuerte pues el Fleckvieh debia competir contra la raza Holstein en cuanto producci\u00f3n l\u00e1ctea y adem\u00e1s hay que tener en cuenta que estos nuevos clientes lo que buscaban era carne! Otro problema era que la ley de selecci\u00f3n alemana dictaba que los toros que eran bajos en leche deb\u00edan ser sacrificados aunque fueran elites para carne. Tampoco pudimos seleccionar prometedores toros c\u00e1rnicos para semen de exportaci\u00f3n, porque la misma ley determinaba a que las centrales de colecta solo pod\u00edan vender semen de toros probados para leche.<\/p>\n\n\n\n<p>Por medio de esta serie de fotos voy a retratar a los toros que reunieron mis requerimientos para promover toros para IA entre los clientes c\u00e1rnicos de los mencionados pa\u00edses y para pa\u00edses a los que se hab\u00edan exportado tanto progenies como semen. A excepci\u00f3n de Baldo, Haxl, Honig y Moses todas esas l\u00edneas se han extinguido en Europa \u2013 ser\u00e1&nbsp;que producian mucha carne?<\/p>\n\n\n\n<p><\/p>\n\n\n\n<h4 class=\"wp-block-heading\">[1] HAXL, 1966 (Hijo de Hax):<\/h4>\n\n\n\n<div class=\"wp-block-image\"><figure class=\"alignleft is-resized\"><img data-recalc-dims=\"1\" decoding=\"async\" data-attachment-id=\"2174\" data-permalink=\"https:\/\/geneticatricolor.com\/home\/blog\/de-otros-tiempos\/1-haxl\/\" data-orig-file=\"https:\/\/i0.wp.com\/geneticatricolor.com\/home\/wp-content\/uploads\/1.-Haxl.jpg?fit=399%2C242&amp;ssl=1\" data-orig-size=\"399,242\" data-comments-opened=\"1\" data-image-meta=\"{&quot;aperture&quot;:&quot;0&quot;,&quot;credit&quot;:&quot;&quot;,&quot;camera&quot;:&quot;&quot;,&quot;caption&quot;:&quot;&quot;,&quot;created_timestamp&quot;:&quot;0&quot;,&quot;copyright&quot;:&quot;&quot;,&quot;focal_length&quot;:&quot;0&quot;,&quot;iso&quot;:&quot;0&quot;,&quot;shutter_speed&quot;:&quot;0&quot;,&quot;title&quot;:&quot;&quot;,&quot;orientation&quot;:&quot;0&quot;}\" data-image-title=\"\" data-image-description=\"\" data-image-caption=\"\" data-large-file=\"https:\/\/i0.wp.com\/geneticatricolor.com\/home\/wp-content\/uploads\/1.-Haxl.jpg?fit=399%2C242&amp;ssl=1\" src=\"https:\/\/i0.wp.com\/geneticatricolor.com\/home\/wp-content\/uploads\/1.-Haxl.jpg?resize=200%2C121\" alt=\"\" class=\"wp-image-2174\" width=\"200\" height=\"121\" srcset=\"https:\/\/i0.wp.com\/geneticatricolor.com\/home\/wp-content\/uploads\/1.-Haxl.jpg?w=399&amp;ssl=1 399w, https:\/\/i0.wp.com\/geneticatricolor.com\/home\/wp-content\/uploads\/1.-Haxl.jpg?resize=300%2C182&amp;ssl=1 300w, https:\/\/i0.wp.com\/geneticatricolor.com\/home\/wp-content\/uploads\/1.-Haxl.jpg?resize=250%2C152&amp;ssl=1 250w, https:\/\/i0.wp.com\/geneticatricolor.com\/home\/wp-content\/uploads\/1.-Haxl.jpg?resize=36%2C22&amp;ssl=1 36w, https:\/\/i0.wp.com\/geneticatricolor.com\/home\/wp-content\/uploads\/1.-Haxl.jpg?resize=90%2C55&amp;ssl=1 90w, https:\/\/i0.wp.com\/geneticatricolor.com\/home\/wp-content\/uploads\/1.-Haxl.jpg?resize=140%2C85&amp;ssl=1 140w, https:\/\/i0.wp.com\/geneticatricolor.com\/home\/wp-content\/uploads\/1.-Haxl.jpg?resize=32%2C19&amp;ssl=1 32w\" sizes=\"(max-width: 200px) 100vw, 200px\" \/><\/figure><\/div>\n\n\n\n<p>El no pertenece a esta espec\u00edfica discusi\u00f3n, pero cualquier \u201cHistoria Fleckvieh\u201d debe comenzar con su REY!<\/p>\n\n\n\n<p>Sin duda el toro que tuvo la m\u00e1s grande influencia en el Simmental del centro de Europa, pero su color lo hizo algo impopular con muchos de los pa\u00edses c\u00e1rnicos compradores de ultramar. \u00c9l fue el onceavo ternero de una excepcionalmente atractiva y estructuralmente correcta, pero blanca como la nieve, vaca. En los 70s y 80s las hijas de Haxl dominaron totalmente las exposiciones con ubres fant\u00e1sticas y mucha leche. Otra caracter\u00edstica, aunque no de mucho valor para los alemanes, fue la calidad del pelaje de su progenie. Nosotros en \u00c1frica, y otros pa\u00edses del hemisferio sur gustamos de animales de pelaje fino. Es una pena que no lo hayamos usado en vacas oscuras en esos d\u00edas.<\/p>\n\n\n\n<hr class=\"wp-block-separator is-style-dots\"\/>\n\n\n\n<h4 class=\"wp-block-heading\">[2] BENZ, 1968 (hijo de Bernheim):<\/h4>\n\n\n\n<div class=\"wp-block-image\"><figure class=\"alignleft is-resized\"><img data-recalc-dims=\"1\" decoding=\"async\" data-attachment-id=\"2178\" data-permalink=\"https:\/\/geneticatricolor.com\/home\/blog\/de-otros-tiempos\/2-benz\/\" data-orig-file=\"https:\/\/i0.wp.com\/geneticatricolor.com\/home\/wp-content\/uploads\/2.-Benz.jpg?fit=399%2C242&amp;ssl=1\" data-orig-size=\"399,242\" data-comments-opened=\"1\" data-image-meta=\"{&quot;aperture&quot;:&quot;0&quot;,&quot;credit&quot;:&quot;&quot;,&quot;camera&quot;:&quot;&quot;,&quot;caption&quot;:&quot;&quot;,&quot;created_timestamp&quot;:&quot;0&quot;,&quot;copyright&quot;:&quot;&quot;,&quot;focal_length&quot;:&quot;0&quot;,&quot;iso&quot;:&quot;0&quot;,&quot;shutter_speed&quot;:&quot;0&quot;,&quot;title&quot;:&quot;&quot;,&quot;orientation&quot;:&quot;0&quot;}\" data-image-title=\"2. Benz\" data-image-description=\"\" data-image-caption=\"\" data-large-file=\"https:\/\/i0.wp.com\/geneticatricolor.com\/home\/wp-content\/uploads\/2.-Benz.jpg?fit=399%2C242&amp;ssl=1\" src=\"https:\/\/i0.wp.com\/geneticatricolor.com\/home\/wp-content\/uploads\/2.-Benz.jpg?resize=200%2C121\" alt=\"\" class=\"wp-image-2178\" width=\"200\" height=\"121\" srcset=\"https:\/\/i0.wp.com\/geneticatricolor.com\/home\/wp-content\/uploads\/2.-Benz.jpg?w=399&amp;ssl=1 399w, https:\/\/i0.wp.com\/geneticatricolor.com\/home\/wp-content\/uploads\/2.-Benz.jpg?resize=300%2C182&amp;ssl=1 300w, https:\/\/i0.wp.com\/geneticatricolor.com\/home\/wp-content\/uploads\/2.-Benz.jpg?resize=250%2C152&amp;ssl=1 250w, https:\/\/i0.wp.com\/geneticatricolor.com\/home\/wp-content\/uploads\/2.-Benz.jpg?resize=36%2C22&amp;ssl=1 36w, https:\/\/i0.wp.com\/geneticatricolor.com\/home\/wp-content\/uploads\/2.-Benz.jpg?resize=90%2C55&amp;ssl=1 90w, https:\/\/i0.wp.com\/geneticatricolor.com\/home\/wp-content\/uploads\/2.-Benz.jpg?resize=140%2C85&amp;ssl=1 140w, https:\/\/i0.wp.com\/geneticatricolor.com\/home\/wp-content\/uploads\/2.-Benz.jpg?resize=32%2C19&amp;ssl=1 32w\" sizes=\"(max-width: 200px) 100vw, 200px\" \/><\/figure><\/div>\n\n\n\n<p>Tuvo la m\u00e1s grande influencia entre todas las l\u00edneas Fleckvieh en la cr\u00eda de Simmental en el sur de \u00c1frica. Muchos de los otros \u201cpa\u00edses c\u00e1rnicos\u201d no lo usar\u00edan porque no lo ve\u00edan lo suficientemente gordo. Nuestros criadores sudafricanos, sin embargo, viendo la calidad de este magro, pero sobradamente musculoso toro talla media \u2013 foto tomada ya siendo un toro viejo.Recomend\u00e9 Benz especialmente por su atractiva madre, Nosta (una hija de Bayer). Aqu\u00ed en Sud\u00e1frica la sangre Benz se ha inmortalizado, especialmente a trav\u00e9s de sus hijos, Dan AI-Jaco Benz 314, BJ Benz 5 y el Congosim Hamman y tambi\u00e9n por medio de la l\u00ednea materna a trav\u00e9s de Jahdal Ingo y Jahdal Ibbie.<\/p>\n\n\n\n<hr class=\"wp-block-separator is-style-dots\"\/>\n\n\n\n<h4 class=\"wp-block-heading\">[3] BAYER, 1955 (hijo de Buergel x van Bergheim):<\/h4>\n\n\n\n<div class=\"wp-block-image\"><figure class=\"alignleft is-resized\"><img data-recalc-dims=\"1\" decoding=\"async\" data-attachment-id=\"2178\" data-permalink=\"https:\/\/geneticatricolor.com\/home\/blog\/de-otros-tiempos\/2-benz\/\" data-orig-file=\"https:\/\/i0.wp.com\/geneticatricolor.com\/home\/wp-content\/uploads\/2.-Benz.jpg?fit=399%2C242&amp;ssl=1\" data-orig-size=\"399,242\" data-comments-opened=\"1\" data-image-meta=\"{&quot;aperture&quot;:&quot;0&quot;,&quot;credit&quot;:&quot;&quot;,&quot;camera&quot;:&quot;&quot;,&quot;caption&quot;:&quot;&quot;,&quot;created_timestamp&quot;:&quot;0&quot;,&quot;copyright&quot;:&quot;&quot;,&quot;focal_length&quot;:&quot;0&quot;,&quot;iso&quot;:&quot;0&quot;,&quot;shutter_speed&quot;:&quot;0&quot;,&quot;title&quot;:&quot;&quot;,&quot;orientation&quot;:&quot;0&quot;}\" data-image-title=\"2. Benz\" data-image-description=\"\" data-image-caption=\"\" data-large-file=\"https:\/\/i0.wp.com\/geneticatricolor.com\/home\/wp-content\/uploads\/2.-Benz.jpg?fit=399%2C242&amp;ssl=1\" src=\"https:\/\/i0.wp.com\/geneticatricolor.com\/home\/wp-content\/uploads\/3.-Bayer.jpg?resize=200%2C121\" alt=\"\" class=\"wp-image-2178\" width=\"200\" height=\"121\"\/><\/figure><\/div>\n\n\n\n<p>El no pertenece a esta galer\u00eda, desde que nosotros no pudimos vender el semen a los criadores por la sencilla raz\u00f3n de que \u00e9l era muy feo; (por debajo de 1000 kg de peso y solo 146 de alzada). Lo inclu\u00ed, como sea, por las miles de hijas destacadas gestadas por \u00e9l. \u2013 un buen n\u00famero de las cuales fueron exportadas por nosotros. Su influencia a trav\u00e9s de sus hijas fue enorme y su nombre se menciona varias veces a continuaci\u00f3n.<\/p>\n\n\n\n<hr class=\"wp-block-separator is-style-dots\"\/>\n\n\n\n<h4 class=\"wp-block-heading\">[4] BAUTZ, 1974 (hijo de Baum \u2013 un hijo de Bayer):<\/h4>\n\n\n\n<div class=\"wp-block-image\"><figure class=\"alignleft is-resized\"><img data-recalc-dims=\"1\" loading=\"lazy\" decoding=\"async\" data-attachment-id=\"2178\" data-permalink=\"https:\/\/geneticatricolor.com\/home\/blog\/de-otros-tiempos\/2-benz\/\" data-orig-file=\"https:\/\/i0.wp.com\/geneticatricolor.com\/home\/wp-content\/uploads\/2.-Benz.jpg?fit=399%2C242&amp;ssl=1\" data-orig-size=\"399,242\" data-comments-opened=\"1\" data-image-meta=\"{&quot;aperture&quot;:&quot;0&quot;,&quot;credit&quot;:&quot;&quot;,&quot;camera&quot;:&quot;&quot;,&quot;caption&quot;:&quot;&quot;,&quot;created_timestamp&quot;:&quot;0&quot;,&quot;copyright&quot;:&quot;&quot;,&quot;focal_length&quot;:&quot;0&quot;,&quot;iso&quot;:&quot;0&quot;,&quot;shutter_speed&quot;:&quot;0&quot;,&quot;title&quot;:&quot;&quot;,&quot;orientation&quot;:&quot;0&quot;}\" data-image-title=\"2. Benz\" data-image-description=\"\" data-image-caption=\"\" data-large-file=\"https:\/\/i0.wp.com\/geneticatricolor.com\/home\/wp-content\/uploads\/2.-Benz.jpg?fit=399%2C242&amp;ssl=1\" src=\"https:\/\/i0.wp.com\/geneticatricolor.com\/home\/wp-content\/uploads\/4.-Bautz.jpg?resize=200%2C121\" alt=\"\" class=\"wp-image-2178\" width=\"200\" height=\"121\"\/><\/figure><\/div>\n\n\n\n<p>\u00c9l fue sacrificado a una edad temprana por los alemanes \u2013 debido a su baja producci\u00f3n de leche. El juez internacional de ganado, Mr Martin Seyfferdt en esa \u00e9poca lo describi\u00f3 como el mejor toro alem\u00e1n para carne. Si el viviera hoy, el ser\u00eda, para los EBVs de BREEDPLAN a los 200 d\u00edas, 400 d\u00edas, 600 d\u00edas y en leche dentro del 5% superior para la raza.<\/p>\n\n\n\n<hr class=\"wp-block-separator is-style-dots\"\/>\n\n\n\n<h4 class=\"wp-block-heading\">[5] BALDO 1975 (hijo de Bali \u2013 un hijo de Bayer):<\/h4>\n\n\n\n<div class=\"wp-block-image\"><figure class=\"alignleft is-resized\"><img data-recalc-dims=\"1\" loading=\"lazy\" decoding=\"async\" data-attachment-id=\"2178\" data-permalink=\"https:\/\/geneticatricolor.com\/home\/blog\/de-otros-tiempos\/2-benz\/\" data-orig-file=\"https:\/\/i0.wp.com\/geneticatricolor.com\/home\/wp-content\/uploads\/2.-Benz.jpg?fit=399%2C242&amp;ssl=1\" data-orig-size=\"399,242\" data-comments-opened=\"1\" data-image-meta=\"{&quot;aperture&quot;:&quot;0&quot;,&quot;credit&quot;:&quot;&quot;,&quot;camera&quot;:&quot;&quot;,&quot;caption&quot;:&quot;&quot;,&quot;created_timestamp&quot;:&quot;0&quot;,&quot;copyright&quot;:&quot;&quot;,&quot;focal_length&quot;:&quot;0&quot;,&quot;iso&quot;:&quot;0&quot;,&quot;shutter_speed&quot;:&quot;0&quot;,&quot;title&quot;:&quot;&quot;,&quot;orientation&quot;:&quot;0&quot;}\" data-image-title=\"2. Benz\" data-image-description=\"\" data-image-caption=\"\" data-large-file=\"https:\/\/i0.wp.com\/geneticatricolor.com\/home\/wp-content\/uploads\/2.-Benz.jpg?fit=399%2C242&amp;ssl=1\" src=\"https:\/\/i0.wp.com\/geneticatricolor.com\/home\/wp-content\/uploads\/5.-Baldo.jpg?resize=200%2C121\" alt=\"\" class=\"wp-image-2178\" width=\"200\" height=\"121\"\/><\/figure><\/div>\n\n\n\n<p>Un muy atractivo, bien musculado y correcto toro tipo carne que yo fuertemente recomend\u00e9. Los pa\u00edses c\u00e1rnicos lo usaron sin reparo pero los Sudafricanos lo encontraron muy amarillo (lo cual los obsesionaba). M\u00e1s tarde se hizo famoso por algunos de los hijos y nietos de su hijo Ballist, que tiene excelentes caracter\u00edsticas carnicas, pero mostr\u00f3 dificultad al parto.<\/p>\n\n\n\n<hr class=\"wp-block-separator is-style-dots\"\/>\n\n\n\n<h4 class=\"wp-block-heading\">[6] BARETT, 1975 (hijo de Bali \u2013 hijo de Bayer)<\/h4>\n\n\n\n<div class=\"wp-block-image\"><figure class=\"alignleft is-resized\"><img data-recalc-dims=\"1\" loading=\"lazy\" decoding=\"async\" data-attachment-id=\"2178\" data-permalink=\"https:\/\/geneticatricolor.com\/home\/blog\/de-otros-tiempos\/2-benz\/\" data-orig-file=\"https:\/\/i0.wp.com\/geneticatricolor.com\/home\/wp-content\/uploads\/2.-Benz.jpg?fit=399%2C242&amp;ssl=1\" data-orig-size=\"399,242\" data-comments-opened=\"1\" data-image-meta=\"{&quot;aperture&quot;:&quot;0&quot;,&quot;credit&quot;:&quot;&quot;,&quot;camera&quot;:&quot;&quot;,&quot;caption&quot;:&quot;&quot;,&quot;created_timestamp&quot;:&quot;0&quot;,&quot;copyright&quot;:&quot;&quot;,&quot;focal_length&quot;:&quot;0&quot;,&quot;iso&quot;:&quot;0&quot;,&quot;shutter_speed&quot;:&quot;0&quot;,&quot;title&quot;:&quot;&quot;,&quot;orientation&quot;:&quot;0&quot;}\" data-image-title=\"2. Benz\" data-image-description=\"\" data-image-caption=\"\" data-large-file=\"https:\/\/i0.wp.com\/geneticatricolor.com\/home\/wp-content\/uploads\/2.-Benz.jpg?fit=399%2C242&amp;ssl=1\" src=\"https:\/\/i0.wp.com\/geneticatricolor.com\/home\/wp-content\/uploads\/6.-Barett.jpg?resize=200%2C121\" alt=\"\" class=\"wp-image-2178\" width=\"200\" height=\"121\"\/><\/figure><\/div>\n\n\n\n<p>A pesar del hecho de que hab\u00eda sido consangu\u00edneo, (tanto \u00e9l como su madre ten\u00eda Bali como padre), a algunos sudafricanos les gust\u00f3 (rojo con anteojos) y a\u00fan hoy lo anunciamos como l\u00edder en facilidad de parto. Otros pa\u00edses de carne lo consideraban demasiado peque\u00f1o.<\/p>\n\n\n\n<hr class=\"wp-block-separator is-style-dots\"\/>\n\n\n\n<h4 class=\"wp-block-heading\">[7] PEPPO, 1971 (hijo de Perutz):<\/h4>\n\n\n\n<div class=\"wp-block-image\"><figure class=\"alignleft is-resized\"><img data-recalc-dims=\"1\" loading=\"lazy\" decoding=\"async\" data-attachment-id=\"2178\" data-permalink=\"https:\/\/geneticatricolor.com\/home\/blog\/de-otros-tiempos\/2-benz\/\" data-orig-file=\"https:\/\/i0.wp.com\/geneticatricolor.com\/home\/wp-content\/uploads\/2.-Benz.jpg?fit=399%2C242&amp;ssl=1\" data-orig-size=\"399,242\" data-comments-opened=\"1\" data-image-meta=\"{&quot;aperture&quot;:&quot;0&quot;,&quot;credit&quot;:&quot;&quot;,&quot;camera&quot;:&quot;&quot;,&quot;caption&quot;:&quot;&quot;,&quot;created_timestamp&quot;:&quot;0&quot;,&quot;copyright&quot;:&quot;&quot;,&quot;focal_length&quot;:&quot;0&quot;,&quot;iso&quot;:&quot;0&quot;,&quot;shutter_speed&quot;:&quot;0&quot;,&quot;title&quot;:&quot;&quot;,&quot;orientation&quot;:&quot;0&quot;}\" data-image-title=\"2. Benz\" data-image-description=\"\" data-image-caption=\"\" data-large-file=\"https:\/\/i0.wp.com\/geneticatricolor.com\/home\/wp-content\/uploads\/2.-Benz.jpg?fit=399%2C242&amp;ssl=1\" src=\"https:\/\/i0.wp.com\/geneticatricolor.com\/home\/wp-content\/uploads\/7.-Peppo.jpg?resize=200%2C121\" alt=\"\" class=\"wp-image-2178\" width=\"200\" height=\"121\"\/><\/figure><\/div>\n\n\n\n<p>Ni brit\u00e1nicos ni australianos no hablaban maravillas de \u00e9l (por peque\u00f1o), pero a los sudafricanos les gustaba (rojo antojado). Yo no lo recomend\u00e9 en ese momento porque su padre ten\u00eda una pobre capa.<\/p>\n\n\n\n<hr class=\"wp-block-separator is-style-dots\"\/>\n\n\n\n<h4 class=\"wp-block-heading\">[8] HAFKE, 1976 (hijo de Harz):<\/h4>\n\n\n\n<div class=\"wp-block-image\"><figure class=\"alignleft is-resized\"><img data-recalc-dims=\"1\" loading=\"lazy\" decoding=\"async\" data-attachment-id=\"2178\" data-permalink=\"https:\/\/geneticatricolor.com\/home\/blog\/de-otros-tiempos\/2-benz\/\" data-orig-file=\"https:\/\/i0.wp.com\/geneticatricolor.com\/home\/wp-content\/uploads\/2.-Benz.jpg?fit=399%2C242&amp;ssl=1\" data-orig-size=\"399,242\" data-comments-opened=\"1\" data-image-meta=\"{&quot;aperture&quot;:&quot;0&quot;,&quot;credit&quot;:&quot;&quot;,&quot;camera&quot;:&quot;&quot;,&quot;caption&quot;:&quot;&quot;,&quot;created_timestamp&quot;:&quot;0&quot;,&quot;copyright&quot;:&quot;&quot;,&quot;focal_length&quot;:&quot;0&quot;,&quot;iso&quot;:&quot;0&quot;,&quot;shutter_speed&quot;:&quot;0&quot;,&quot;title&quot;:&quot;&quot;,&quot;orientation&quot;:&quot;0&quot;}\" data-image-title=\"2. Benz\" data-image-description=\"\" data-image-caption=\"\" data-large-file=\"https:\/\/i0.wp.com\/geneticatricolor.com\/home\/wp-content\/uploads\/2.-Benz.jpg?fit=399%2C242&amp;ssl=1\" src=\"https:\/\/i0.wp.com\/geneticatricolor.com\/home\/wp-content\/uploads\/8.-Hafke.jpg?resize=200%2C121\" alt=\"\" class=\"wp-image-2178\" width=\"200\" height=\"121\"\/><\/figure><\/div>\n\n\n\n<p>Bueno en carne, pero no vivi\u00f3 mucho, porque la leche no era suficiente para los est\u00e1ndares alemanes. \u00c9l jug\u00f3 un rol principal en la difusi\u00f3n de la raza en los nuevos pa\u00edses mostr\u00e1ndola como una raza reconocida de carne. Su legado se qued\u00f3 especialmente a trav\u00e9s de Kykso Hafet.<\/p>\n\n\n\n<hr class=\"wp-block-separator is-style-dots\"\/>\n\n\n\n<h4 class=\"wp-block-heading\">[9] GRABER, 1976 (hijo de Grande):<\/h4>\n\n\n\n<div class=\"wp-block-image\"><figure class=\"alignleft is-resized\"><img data-recalc-dims=\"1\" loading=\"lazy\" decoding=\"async\" data-attachment-id=\"2178\" data-permalink=\"https:\/\/geneticatricolor.com\/home\/blog\/de-otros-tiempos\/2-benz\/\" data-orig-file=\"https:\/\/i0.wp.com\/geneticatricolor.com\/home\/wp-content\/uploads\/2.-Benz.jpg?fit=399%2C242&amp;ssl=1\" data-orig-size=\"399,242\" data-comments-opened=\"1\" data-image-meta=\"{&quot;aperture&quot;:&quot;0&quot;,&quot;credit&quot;:&quot;&quot;,&quot;camera&quot;:&quot;&quot;,&quot;caption&quot;:&quot;&quot;,&quot;created_timestamp&quot;:&quot;0&quot;,&quot;copyright&quot;:&quot;&quot;,&quot;focal_length&quot;:&quot;0&quot;,&quot;iso&quot;:&quot;0&quot;,&quot;shutter_speed&quot;:&quot;0&quot;,&quot;title&quot;:&quot;&quot;,&quot;orientation&quot;:&quot;0&quot;}\" data-image-title=\"2. Benz\" data-image-description=\"\" data-image-caption=\"\" data-large-file=\"https:\/\/i0.wp.com\/geneticatricolor.com\/home\/wp-content\/uploads\/2.-Benz.jpg?fit=399%2C242&amp;ssl=1\" src=\"https:\/\/i0.wp.com\/geneticatricolor.com\/home\/wp-content\/uploads\/9.-Graber.jpg?resize=200%2C121\" alt=\"\" class=\"wp-image-2178\" width=\"200\" height=\"121\"\/><\/figure><\/div>\n\n\n\n<p>Una l\u00ednea bastante desconocida y de una hija de Haxl. En aquellos d\u00edas yo recomendaba encarecidamente este toro en todas partes debido a su correcci\u00f3n general, musculatura, maravilloso temperamento y su capacidad de desplazarse.<\/p>\n\n\n\n<hr class=\"wp-block-separator is-style-dots\"\/>\n\n\n\n<h4 class=\"wp-block-heading\">[11] MOSES, 1968 (hijo de Mut):<\/h4>\n\n\n\n<div class=\"wp-block-image\"><figure class=\"alignleft is-resized\"><img data-recalc-dims=\"1\" loading=\"lazy\" decoding=\"async\" data-attachment-id=\"2178\" data-permalink=\"https:\/\/geneticatricolor.com\/home\/blog\/de-otros-tiempos\/2-benz\/\" data-orig-file=\"https:\/\/i0.wp.com\/geneticatricolor.com\/home\/wp-content\/uploads\/2.-Benz.jpg?fit=399%2C242&amp;ssl=1\" data-orig-size=\"399,242\" data-comments-opened=\"1\" data-image-meta=\"{&quot;aperture&quot;:&quot;0&quot;,&quot;credit&quot;:&quot;&quot;,&quot;camera&quot;:&quot;&quot;,&quot;caption&quot;:&quot;&quot;,&quot;created_timestamp&quot;:&quot;0&quot;,&quot;copyright&quot;:&quot;&quot;,&quot;focal_length&quot;:&quot;0&quot;,&quot;iso&quot;:&quot;0&quot;,&quot;shutter_speed&quot;:&quot;0&quot;,&quot;title&quot;:&quot;&quot;,&quot;orientation&quot;:&quot;0&quot;}\" data-image-title=\"2. Benz\" data-image-description=\"\" data-image-caption=\"\" data-large-file=\"https:\/\/i0.wp.com\/geneticatricolor.com\/home\/wp-content\/uploads\/2.-Benz.jpg?fit=399%2C242&amp;ssl=1\" src=\"https:\/\/i0.wp.com\/geneticatricolor.com\/home\/wp-content\/uploads\/11.-Moses.jpg?resize=200%2C121\" alt=\"\" class=\"wp-image-2178\" width=\"200\" height=\"121\"\/><\/figure><\/div>\n\n\n\n<p>El otro toro Austriaco c\u00e1rnico que produjo una gran cantidad de semen, aunque tambi\u00e9n fue bueno en leche. Su hija mejor conocida en Sud\u00e1frica es Odensim Martie, la triple campeona, viz. Gran Campeona Nacional, Ganadora de la Copa de Invierno y ganadora de la S\u00faper vaca Interrazas. En Europa su sangre aun recorre robusta, especialmente a trav\u00e9s de su hijo, Maurer.<\/p>\n\n\n\n<hr class=\"wp-block-separator is-style-dots\"\/>\n\n\n\n<h4 class=\"wp-block-heading\">[12] PICKL, 1969 (hijo de Pirol \u2013 no el Pirol topo):<\/h4>\n\n\n\n<div class=\"wp-block-image\"><figure class=\"alignleft is-resized\"><img data-recalc-dims=\"1\" loading=\"lazy\" decoding=\"async\" data-attachment-id=\"2178\" data-permalink=\"https:\/\/geneticatricolor.com\/home\/blog\/de-otros-tiempos\/2-benz\/\" data-orig-file=\"https:\/\/i0.wp.com\/geneticatricolor.com\/home\/wp-content\/uploads\/2.-Benz.jpg?fit=399%2C242&amp;ssl=1\" data-orig-size=\"399,242\" data-comments-opened=\"1\" data-image-meta=\"{&quot;aperture&quot;:&quot;0&quot;,&quot;credit&quot;:&quot;&quot;,&quot;camera&quot;:&quot;&quot;,&quot;caption&quot;:&quot;&quot;,&quot;created_timestamp&quot;:&quot;0&quot;,&quot;copyright&quot;:&quot;&quot;,&quot;focal_length&quot;:&quot;0&quot;,&quot;iso&quot;:&quot;0&quot;,&quot;shutter_speed&quot;:&quot;0&quot;,&quot;title&quot;:&quot;&quot;,&quot;orientation&quot;:&quot;0&quot;}\" data-image-title=\"2. Benz\" data-image-description=\"\" data-image-caption=\"\" data-large-file=\"https:\/\/i0.wp.com\/geneticatricolor.com\/home\/wp-content\/uploads\/2.-Benz.jpg?fit=399%2C242&amp;ssl=1\" src=\"https:\/\/i0.wp.com\/geneticatricolor.com\/home\/wp-content\/uploads\/12.-Pickl.jpg?resize=200%2C121\" alt=\"\" class=\"wp-image-2178\" width=\"200\" height=\"121\"\/><\/figure><\/div>\n\n\n\n<p>\u201cFeo, pero un excelente reproductor\u201d. No pudimos vender una dosis de semen a los clientes, pero en virtud de su muy atractiva madre, Ulme y su progenie, yo vend\u00ed un buen n\u00famero de dosis a Dan-Jaco en Dirk Uys donde le fue excepcionalmente bien. Sus hijas, Dan-Jaco, DJ Erma, DJ Erna, DJ Esna en DJ Eveline son las mas conocidas l\u00edneas maternas.<\/p>\n\n\n\n<hr class=\"wp-block-separator is-style-dots\"\/>\n\n\n\n<h4 class=\"wp-block-heading\">[13] HONIG, 1964 (hijo de Horex):<\/h4>\n\n\n\n<div class=\"wp-block-image\"><figure class=\"alignleft is-resized\"><img data-recalc-dims=\"1\" loading=\"lazy\" decoding=\"async\" data-attachment-id=\"2178\" data-permalink=\"https:\/\/geneticatricolor.com\/home\/blog\/de-otros-tiempos\/2-benz\/\" data-orig-file=\"https:\/\/i0.wp.com\/geneticatricolor.com\/home\/wp-content\/uploads\/2.-Benz.jpg?fit=399%2C242&amp;ssl=1\" data-orig-size=\"399,242\" data-comments-opened=\"1\" data-image-meta=\"{&quot;aperture&quot;:&quot;0&quot;,&quot;credit&quot;:&quot;&quot;,&quot;camera&quot;:&quot;&quot;,&quot;caption&quot;:&quot;&quot;,&quot;created_timestamp&quot;:&quot;0&quot;,&quot;copyright&quot;:&quot;&quot;,&quot;focal_length&quot;:&quot;0&quot;,&quot;iso&quot;:&quot;0&quot;,&quot;shutter_speed&quot;:&quot;0&quot;,&quot;title&quot;:&quot;&quot;,&quot;orientation&quot;:&quot;0&quot;}\" data-image-title=\"2. Benz\" data-image-description=\"\" data-image-caption=\"\" data-large-file=\"https:\/\/i0.wp.com\/geneticatricolor.com\/home\/wp-content\/uploads\/2.-Benz.jpg?fit=399%2C242&amp;ssl=1\" src=\"https:\/\/i0.wp.com\/geneticatricolor.com\/home\/wp-content\/uploads\/13.-Honig.jpg?resize=200%2C121\" alt=\"\" class=\"wp-image-2178\" width=\"200\" height=\"121\"\/><\/figure><\/div>\n\n\n\n<p>El hab\u00eda sido dos veces campe\u00f3n nacional alem\u00e1n y es el \u00fanico de todos esos toros, a los que gracias a sus hijos Holb, Horror, Horb, Horwein, Horst y sus hijos, aun ahora son populares en Austria\/Alemania. Inglaterra y Escocia fue un lugar especialmente bueno para el marketing de la progenie de Honig.<\/p>\n\n\n\n<hr class=\"wp-block-separator is-style-dots\"\/>\n\n\n\n<h4 class=\"wp-block-heading\">[14] DIRIGENT, 1969 (hijo de Dior):<\/h4>\n\n\n\n<div class=\"wp-block-image\"><figure class=\"alignleft is-resized\"><img data-recalc-dims=\"1\" loading=\"lazy\" decoding=\"async\" data-attachment-id=\"2178\" data-permalink=\"https:\/\/geneticatricolor.com\/home\/blog\/de-otros-tiempos\/2-benz\/\" data-orig-file=\"https:\/\/i0.wp.com\/geneticatricolor.com\/home\/wp-content\/uploads\/2.-Benz.jpg?fit=399%2C242&amp;ssl=1\" data-orig-size=\"399,242\" data-comments-opened=\"1\" data-image-meta=\"{&quot;aperture&quot;:&quot;0&quot;,&quot;credit&quot;:&quot;&quot;,&quot;camera&quot;:&quot;&quot;,&quot;caption&quot;:&quot;&quot;,&quot;created_timestamp&quot;:&quot;0&quot;,&quot;copyright&quot;:&quot;&quot;,&quot;focal_length&quot;:&quot;0&quot;,&quot;iso&quot;:&quot;0&quot;,&quot;shutter_speed&quot;:&quot;0&quot;,&quot;title&quot;:&quot;&quot;,&quot;orientation&quot;:&quot;0&quot;}\" data-image-title=\"2. Benz\" data-image-description=\"\" data-image-caption=\"\" data-large-file=\"https:\/\/i0.wp.com\/geneticatricolor.com\/home\/wp-content\/uploads\/2.-Benz.jpg?fit=399%2C242&amp;ssl=1\" src=\"https:\/\/i0.wp.com\/geneticatricolor.com\/home\/wp-content\/uploads\/14.-Dirigent.jpg?resize=200%2C121\" alt=\"\" class=\"wp-image-2178\" width=\"200\" height=\"121\"\/><\/figure><\/div>\n\n\n\n<p>Su padre y la fant\u00e1stica l\u00ednea maternal Prinzen-Putzi-Pusta lo precedieron, pues no era un toro llamativo. Su progenie fue buena y vendimos algunos hijos a centrales de IA. De los mejor conocidos hijos de Dirigent localmente tuvimos a Jahdal Dirigent y Swaarbou John Vorster. Su hijo, DIRIN, procreo numerosa progenie en el sur de \u00c1frica. Dirin es actualmente lideren facilidad de parto. Sus hijos mejor conocidos son Odensim Danie Craven, Kykso Dimal en Dan Jaco Dirin 2.<\/p>\n\n\n\n<hr class=\"wp-block-separator is-style-dots\"\/>\n\n\n\n<h4 class=\"wp-block-heading\">[15] HADRIAN, 1966 (hijo de Hektus):<\/h4>\n\n\n\n<div class=\"wp-block-image\"><figure class=\"alignleft is-resized\"><img data-recalc-dims=\"1\" loading=\"lazy\" decoding=\"async\" data-attachment-id=\"2178\" data-permalink=\"https:\/\/geneticatricolor.com\/home\/blog\/de-otros-tiempos\/2-benz\/\" data-orig-file=\"https:\/\/i0.wp.com\/geneticatricolor.com\/home\/wp-content\/uploads\/2.-Benz.jpg?fit=399%2C242&amp;ssl=1\" data-orig-size=\"399,242\" data-comments-opened=\"1\" data-image-meta=\"{&quot;aperture&quot;:&quot;0&quot;,&quot;credit&quot;:&quot;&quot;,&quot;camera&quot;:&quot;&quot;,&quot;caption&quot;:&quot;&quot;,&quot;created_timestamp&quot;:&quot;0&quot;,&quot;copyright&quot;:&quot;&quot;,&quot;focal_length&quot;:&quot;0&quot;,&quot;iso&quot;:&quot;0&quot;,&quot;shutter_speed&quot;:&quot;0&quot;,&quot;title&quot;:&quot;&quot;,&quot;orientation&quot;:&quot;0&quot;}\" data-image-title=\"2. Benz\" data-image-description=\"\" data-image-caption=\"\" data-large-file=\"https:\/\/i0.wp.com\/geneticatricolor.com\/home\/wp-content\/uploads\/2.-Benz.jpg?fit=399%2C242&amp;ssl=1\" src=\"https:\/\/i0.wp.com\/geneticatricolor.com\/home\/wp-content\/uploads\/15.-Hadrian.jpg?resize=200%2C121\" alt=\"\" class=\"wp-image-2178\" width=\"200\" height=\"121\"\/><\/figure><\/div>\n\n\n\n<p>En esa \u00e9poca uno de los toros m\u00e1s pesados en Alemania, por lo que no tuvimos problema vendiendo este semen a los pa\u00edses c\u00e1rnicos. Su hijo mejor conocido es Meerhof Hektor. Otro hijo de Hektus que no fue popular en pa\u00edses c\u00e1rnicos, fue Hellas proveniente de una vaca campeona, Pusta. \u00c9l se hizo conocer locamente a trav\u00e9s de su hijo campe\u00f3n, Meerhof Hellas.<\/p>\n\n\n\n<hr class=\"wp-block-separator is-style-dots\"\/>\n\n\n\n<h4 class=\"wp-block-heading\">[16] PORTIKUS ,1964 (hijo de Pontius):<\/h4>\n\n\n\n<div class=\"wp-block-image\"><figure class=\"alignleft is-resized\"><img data-recalc-dims=\"1\" loading=\"lazy\" decoding=\"async\" data-attachment-id=\"2178\" data-permalink=\"https:\/\/geneticatricolor.com\/home\/blog\/de-otros-tiempos\/2-benz\/\" data-orig-file=\"https:\/\/i0.wp.com\/geneticatricolor.com\/home\/wp-content\/uploads\/2.-Benz.jpg?fit=399%2C242&amp;ssl=1\" data-orig-size=\"399,242\" data-comments-opened=\"1\" data-image-meta=\"{&quot;aperture&quot;:&quot;0&quot;,&quot;credit&quot;:&quot;&quot;,&quot;camera&quot;:&quot;&quot;,&quot;caption&quot;:&quot;&quot;,&quot;created_timestamp&quot;:&quot;0&quot;,&quot;copyright&quot;:&quot;&quot;,&quot;focal_length&quot;:&quot;0&quot;,&quot;iso&quot;:&quot;0&quot;,&quot;shutter_speed&quot;:&quot;0&quot;,&quot;title&quot;:&quot;&quot;,&quot;orientation&quot;:&quot;0&quot;}\" data-image-title=\"2. Benz\" data-image-description=\"\" data-image-caption=\"\" data-large-file=\"https:\/\/i0.wp.com\/geneticatricolor.com\/home\/wp-content\/uploads\/2.-Benz.jpg?fit=399%2C242&amp;ssl=1\" src=\"https:\/\/i0.wp.com\/geneticatricolor.com\/home\/wp-content\/uploads\/16.-Portikus.jpg?resize=200%2C121\" alt=\"\" class=\"wp-image-2178\" width=\"200\" height=\"121\"\/><\/figure><\/div>\n\n\n\n<p>Este era un caballero que hab\u00eda sido muy bien cuidado por las estaciones de IA, porque siempre era presentado a los extranjeros como el toro ideal Fleckvieh tipo carne. Su hijo mejor conocido localmente fue importado, Porbar. Independiente de su edad, su EBV en leche se ubica en el top 3% superior y en el 10% para 200 d\u00edas \u2013 un gran logro.<\/p>\n\n\n\n<hr class=\"wp-block-separator is-style-dots\"\/>\n\n\n\n<h4 class=\"wp-block-heading\">[17] HERODUS, 1965 (hijo de Harnisch):<\/h4>\n\n\n\n<div class=\"wp-block-image\"><figure class=\"alignleft is-resized\"><img data-recalc-dims=\"1\" loading=\"lazy\" decoding=\"async\" data-attachment-id=\"2178\" data-permalink=\"https:\/\/geneticatricolor.com\/home\/blog\/de-otros-tiempos\/2-benz\/\" data-orig-file=\"https:\/\/i0.wp.com\/geneticatricolor.com\/home\/wp-content\/uploads\/2.-Benz.jpg?fit=399%2C242&amp;ssl=1\" data-orig-size=\"399,242\" data-comments-opened=\"1\" data-image-meta=\"{&quot;aperture&quot;:&quot;0&quot;,&quot;credit&quot;:&quot;&quot;,&quot;camera&quot;:&quot;&quot;,&quot;caption&quot;:&quot;&quot;,&quot;created_timestamp&quot;:&quot;0&quot;,&quot;copyright&quot;:&quot;&quot;,&quot;focal_length&quot;:&quot;0&quot;,&quot;iso&quot;:&quot;0&quot;,&quot;shutter_speed&quot;:&quot;0&quot;,&quot;title&quot;:&quot;&quot;,&quot;orientation&quot;:&quot;0&quot;}\" data-image-title=\"2. Benz\" data-image-description=\"\" data-image-caption=\"\" data-large-file=\"https:\/\/i0.wp.com\/geneticatricolor.com\/home\/wp-content\/uploads\/2.-Benz.jpg?fit=399%2C242&amp;ssl=1\" src=\"https:\/\/i0.wp.com\/geneticatricolor.com\/home\/wp-content\/uploads\/17.-Herodus.jpg?resize=200%2C121\" alt=\"\" class=\"wp-image-2178\" width=\"200\" height=\"121\"\/><\/figure><\/div>\n\n\n\n<p>Un excelente toro de carne que fue muy popular, especialmente entre los escoceces. En su momento uno de los toros m\u00e1s pesados de Alemania. Su m\u00e1s conocido hijo es Kykso Herogez.<\/p>\n\n\n\n<hr class=\"wp-block-separator is-style-dots\"\/>\n\n\n\n<h4 class=\"wp-block-heading\">[18] ZELOT, 1972 (hijo de Zenit):<\/h4>\n\n\n\n<div class=\"wp-block-image\"><figure class=\"alignleft is-resized\"><img data-recalc-dims=\"1\" loading=\"lazy\" decoding=\"async\" data-attachment-id=\"2178\" data-permalink=\"https:\/\/geneticatricolor.com\/home\/blog\/de-otros-tiempos\/2-benz\/\" data-orig-file=\"https:\/\/i0.wp.com\/geneticatricolor.com\/home\/wp-content\/uploads\/2.-Benz.jpg?fit=399%2C242&amp;ssl=1\" data-orig-size=\"399,242\" data-comments-opened=\"1\" data-image-meta=\"{&quot;aperture&quot;:&quot;0&quot;,&quot;credit&quot;:&quot;&quot;,&quot;camera&quot;:&quot;&quot;,&quot;caption&quot;:&quot;&quot;,&quot;created_timestamp&quot;:&quot;0&quot;,&quot;copyright&quot;:&quot;&quot;,&quot;focal_length&quot;:&quot;0&quot;,&quot;iso&quot;:&quot;0&quot;,&quot;shutter_speed&quot;:&quot;0&quot;,&quot;title&quot;:&quot;&quot;,&quot;orientation&quot;:&quot;0&quot;}\" data-image-title=\"2. Benz\" data-image-description=\"\" data-image-caption=\"\" data-large-file=\"https:\/\/i0.wp.com\/geneticatricolor.com\/home\/wp-content\/uploads\/2.-Benz.jpg?fit=399%2C242&amp;ssl=1\" src=\"https:\/\/i0.wp.com\/geneticatricolor.com\/home\/wp-content\/uploads\/18.-Zelot.jpg?resize=200%2C121\" alt=\"\" class=\"wp-image-2178\" width=\"200\" height=\"121\"\/><\/figure><\/div>\n\n\n\n<p>Esta l\u00ednea se mantiene hoy en d\u00eda porque tambi\u00e9n logro comportarse bien en leche. Zelot gan\u00f3 prominencia en pa\u00edses c\u00e1rnicos especialmente a trav\u00e9s de sus hijos Zeier (1980) y Zeus (1981) que hab\u00edan sido usados por un gran n\u00famero de Sudafricanos. La l\u00ednea de la Z es conocida por su facilidad al parto.<\/p>\n\n\n\n<p><\/p>\n\n\n\n<p>Traducido por Camilo Mej\u00eda Vejarano para Gen\u00e9tica Tricolor<\/p>\n\n\n\n<hr class=\"wp-block-separator is-style-dots\"\/>\n","protected":false},"excerpt":{"rendered":"<p>&#8220;Algunos pensar\u00e1n que estos toros son pasados de moda y sin valor gen\u00e9tico presente. Sin embargo, da gran placer el mirar a los antepasados de la raza Fleckvieh en la industria c\u00e1rnica \u2013nunca perdamos el deleite de la cr\u00eda de esta maravillosa raza&#8221;<\/p>\n","protected":false},"author":1,"featured_media":8554,"comment_status":"open","ping_status":"open","sticky":false,"template":"","format":"standard","meta":{"_acf_changed":false,"inline_featured_image":false,"_monsterinsights_skip_tracking":false,"_monsterinsights_sitenote_active":false,"_monsterinsights_sitenote_note":"","_monsterinsights_sitenote_category":0,"site-sidebar-layout":"default","site-content-layout":"","ast-site-content-layout":"default","site-content-style":"default","site-sidebar-style":"default","ast-global-header-display":"","ast-banner-title-visibility":"","ast-main-header-display":"","ast-hfb-above-header-display":"","ast-hfb-below-header-display":"","ast-hfb-mobile-header-display":"","site-post-title":"","ast-breadcrumbs-content":"","ast-featured-img":"","footer-sml-layout":"","ast-disable-related-posts":"","theme-transparent-header-meta":"","adv-header-id-meta":"","stick-header-meta":"","header-above-stick-meta":"","header-main-stick-meta":"","header-below-stick-meta":"","astra-migrate-meta-layouts":"default","ast-page-background-enabled":"default","ast-page-background-meta":{"desktop":{"background-color":"var(--ast-global-color-4)","background-image":"","background-repeat":"repeat","background-position":"center center","background-size":"auto","background-attachment":"scroll","background-type":"","background-media":"","overlay-type":"","overlay-color":"","overlay-opacity":"","overlay-gradient":""},"tablet":{"background-color":"","background-image":"","background-repeat":"repeat","background-position":"center center","background-size":"auto","background-attachment":"scroll","background-type":"","background-media":"","overlay-type":"","overlay-color":"","overlay-opacity":"","overlay-gradient":""},"mobile":{"background-color":"","background-image":"","background-repeat":"repeat","background-position":"center center","background-size":"auto","background-attachment":"scroll","background-type":"","background-media":"","overlay-type":"","overlay-color":"","overlay-opacity":"","overlay-gradient":""}},"ast-content-background-meta":{"desktop":{"background-color":"var(--ast-global-color-5)","background-image":"","background-repeat":"repeat","background-position":"center center","background-size":"auto","background-attachment":"scroll","background-type":"","background-media":"","overlay-type":"","overlay-color":"","overlay-opacity":"","overlay-gradient":""},"tablet":{"background-color":"var(--ast-global-color-5)","background-image":"","background-repeat":"repeat","background-position":"center center","background-size":"auto","background-attachment":"scroll","background-type":"","background-media":"","overlay-type":"","overlay-color":"","overlay-opacity":"","overlay-gradient":""},"mobile":{"background-color":"var(--ast-global-color-5)","background-image":"","background-repeat":"repeat","background-position":"center center","background-size":"auto","background-attachment":"scroll","background-type":"","background-media":"","overlay-type":"","overlay-color":"","overlay-opacity":"","overlay-gradient":""}},"_jetpack_memberships_contains_paid_content":false,"footnotes":"","jetpack_publicize_message":"","jetpack_publicize_feature_enabled":true,"jetpack_social_post_already_shared":false,"jetpack_social_options":{"image_generator_settings":{"template":"highway","default_image_id":0,"font":"","enabled":false},"version":2}},"categories":[147],"tags":[158],"class_list":["post-2172","post","type-post","status-publish","format-standard","has-post-thumbnail","hentry","category-articulo-tecnico","tag-simmental"],"acf":[],"jetpack_publicize_connections":[],"jetpack_featured_media_url":"https:\/\/i0.wp.com\/geneticatricolor.com\/home\/wp-content\/uploads\/De-Otros-Tiempos.jpg?fit=750%2C375&ssl=1","jetpack_sharing_enabled":true,"_links":{"self":[{"href":"https:\/\/geneticatricolor.com\/home\/wp-json\/wp\/v2\/posts\/2172","targetHints":{"allow":["GET"]}}],"collection":[{"href":"https:\/\/geneticatricolor.com\/home\/wp-json\/wp\/v2\/posts"}],"about":[{"href":"https:\/\/geneticatricolor.com\/home\/wp-json\/wp\/v2\/types\/post"}],"author":[{"embeddable":true,"href":"https:\/\/geneticatricolor.com\/home\/wp-json\/wp\/v2\/users\/1"}],"replies":[{"embeddable":true,"href":"https:\/\/geneticatricolor.com\/home\/wp-json\/wp\/v2\/comments?post=2172"}],"version-history":[{"count":31,"href":"https:\/\/geneticatricolor.com\/home\/wp-json\/wp\/v2\/posts\/2172\/revisions"}],"predecessor-version":[{"id":8553,"href":"https:\/\/geneticatricolor.com\/home\/wp-json\/wp\/v2\/posts\/2172\/revisions\/8553"}],"wp:featuredmedia":[{"embeddable":true,"href":"https:\/\/geneticatricolor.com\/home\/wp-json\/wp\/v2\/media\/8554"}],"wp:attachment":[{"href":"https:\/\/geneticatricolor.com\/home\/wp-json\/wp\/v2\/media?parent=2172"}],"wp:term":[{"taxonomy":"category","embeddable":true,"href":"https:\/\/geneticatricolor.com\/home\/wp-json\/wp\/v2\/categories?post=2172"},{"taxonomy":"post_tag","embeddable":true,"href":"https:\/\/geneticatricolor.com\/home\/wp-json\/wp\/v2\/tags?post=2172"}],"curies":[{"name":"wp","href":"https:\/\/api.w.org\/{rel}","templated":true}]}}